{"id":163,"date":"2010-12-01T21:16:35","date_gmt":"2010-12-01T21:16:35","guid":{"rendered":"http:\/\/historypressfaroeislands.com\/dansk\/?p=163"},"modified":"2010-12-01T21:16:35","modified_gmt":"2010-12-01T21:16:35","slug":"folk-i-leirvik-i-1901","status":"publish","type":"post","link":"https:\/\/historypressfaroeislands.com\/dansk\/folk-i-leirvik-i-1901\/","title":{"rendered":"F\u00f3lk \u00ed Leirv\u00edk \u00ed 1901"},"content":{"rendered":"<p><a title=\"F\u00f3lk \u00ed Leirv\u00edk \u00ed 1901, Steffen Stummann Hansen og Kristian Martin Eliasen, History Press Faroe Islands\" href=\"http:\/\/historypressfaroeislands.com\/dansk\/forlagets-udgivelser\/folk-i-leirvik-i-1901\/\"><img loading=\"lazy\" decoding=\"async\" class=\"alignleft\" title=\"F\u00f3lk \u00ed Leirv\u00edk \u00ed 1901, Steffen Stummann Hansen og Kristian Martin Eliasen, History Press Faroe Islands\" src=\"http:\/\/historypressfaroeislands.com\/images\/22.jpg\" alt=\"F\u00f3lk \u00ed Leirv\u00edk \u00ed 1901, Steffen Stummann Hansen og Kristian Martin Eliasen, History Press Faroe Islands\" width=\"316\" height=\"240\" \/><\/a><\/p>\n<p><strong>F\u00f3lk \u00ed Leirv\u00edk \u00ed 1901 \u2013 \u00ed myndum og teksti<\/strong><\/p>\n<p><em>Steffen Stummann Hansen &amp; <\/em><em>Kristian Martin Eliasen <\/em><\/p>\n<p>\u2022 <a href=\"http:\/\/historypressfaroeislands.com\/dansk\/forlagets-udgivelser\/folk-i-leirvik-i-1901\/\">Meira um b\u00f3kina og b\u00edlegging<\/a><\/p>\n<p><span style=\"color: #ffffff;\">\u2022 <\/span><br \/>\n<span style=\"color: #ffffff;\">\u2022 <\/span><br \/>\nForlagi\u00f0 S\u00f8ga F\u00f8roya \/History Press Faroe Islands gav um h\u00e1lvan desember 2010 \u00fat b\u00f3kina <em>F\u00f3lk \u00ed Leirv\u00edk \u00ed 1901 \u2013 \u00ed myndum og teksti<\/em>.<\/p>\n<p>H\u00f8vundarnir hava \u00ed fleiri \u00e1r savna\u00f0 myndir av teimum 309 \u00edb\u00fagvunum, sum v\u00f3ru \u00ed Leirv\u00edk, t\u00e1 f\u00f3lkateljingin var \u00ed 1901. Hetta gevur okkum ein einastandandi visuellan tv\u00f8rskur\u00f0 av bygdars\u00f8guni, sum ver\u00f0ur l\u00f8gd fyri okkum vi\u00f0 n\u00e6stan f\u00fdrahundra\u00f0 gomlum pers\u00f3nsfotomyndum.<\/p>\n","protected":false},"excerpt":{"rendered":"<p>F\u00f3lk \u00ed Leirv\u00edk \u00ed 1901 \u2013 \u00ed myndum og teksti Steffen Stummann Hansen &amp; Kristian Martin Eliasen \u2022 Meira um b\u00f3kina og b\u00edlegging \u2022 \u2022 Forlagi\u00f0 S\u00f8ga F\u00f8roya \/History Press Faroe Islands gav um h\u00e1lvan desember 2010 \u00fat b\u00f3kina F\u00f3lk &hellip; <a href=\"https:\/\/historypressfaroeislands.com\/dansk\/folk-i-leirvik-i-1901\/\">Continue reading <span class=\"meta-nav\">&rarr;<\/span><\/a><\/p>\n","protected":false},"author":4,"featured_media":0,"comment_status":"closed","ping_status":"closed","sticky":false,"template":"","format":"standard","meta":{"footnotes":""},"categories":[1],"tags":[],"class_list":["post-163","post","type-post","status-publish","format-standard","hentry","category-uncategorized"],"_links":{"self":[{"href":"https:\/\/historypressfaroeislands.com\/dansk\/wp-json\/wp\/v2\/posts\/163","targetHints":{"allow":["GET"]}}],"collection":[{"href":"https:\/\/historypressfaroeislands.com\/dansk\/wp-json\/wp\/v2\/posts"}],"about":[{"href":"https:\/\/historypressfaroeislands.com\/dansk\/wp-json\/wp\/v2\/types\/post"}],"author":[{"embeddable":true,"href":"https:\/\/historypressfaroeislands.com\/dansk\/wp-json\/wp\/v2\/users\/4"}],"replies":[{"embeddable":true,"href":"https:\/\/historypressfaroeislands.com\/dansk\/wp-json\/wp\/v2\/comments?post=163"}],"version-history":[{"count":0,"href":"https:\/\/historypressfaroeislands.com\/dansk\/wp-json\/wp\/v2\/posts\/163\/revisions"}],"wp:attachment":[{"href":"https:\/\/historypressfaroeislands.com\/dansk\/wp-json\/wp\/v2\/media?parent=163"}],"wp:term":[{"taxonomy":"category","embeddable":true,"href":"https:\/\/historypressfaroeislands.com\/dansk\/wp-json\/wp\/v2\/categories?post=163"},{"taxonomy":"post_tag","embeddable":true,"href":"https:\/\/historypressfaroeislands.com\/dansk\/wp-json\/wp\/v2\/tags?post=163"}],"curies":[{"name":"wp","href":"https:\/\/api.w.org\/{rel}","templated":true}]}}