{"id":159,"date":"2011-10-30T21:15:00","date_gmt":"2011-10-30T21:15:00","guid":{"rendered":"http:\/\/historypressfaroeislands.com\/dansk\/?p=159"},"modified":"2011-10-30T21:15:00","modified_gmt":"2011-10-30T21:15:00","slug":"eitt-feigdartiggjuar-i-leirvikar-sogu-1874-1883","status":"publish","type":"post","link":"https:\/\/historypressfaroeislands.com\/dansk\/eitt-feigdartiggjuar-i-leirvikar-sogu-1874-1883\/","title":{"rendered":"Eitt feigdar\u00e1rat\u00edggju \u00ed Leirv\u00edkar s\u00f8gu 1874-1883"},"content":{"rendered":"<p><a href=\"http:\/\/historypressfaroeislands.com\/dansk\/forlagets-udgivelser\/eitt-feigdartiggjuar-i-leirvikar-sogu\/\" target=\"_self\"><img decoding=\"async\" class=\"size-medium wp-image-268 alignleft\" title=\"Eitt feigdart\u00edggju\u00e1r \u00ed Leirv\u00edkar S\u00f8gu 1874-1883\" src=\"http:\/\/historypressfaroeislands.com\/images\/eitt.jpg\" alt=\"Eitt feigdart\u00edggju\u00e1r \u00ed Leirv\u00edkar S\u00f8gu 1874-1883\" \/><\/a><strong>Ny sp\u00e6ndende bog om Leirv\u00edk<br \/>\n<\/strong><\/p>\n<p>Steffen Stummann Hansen:<br \/>\n<em>Eitt feigdar\u00e1rat\u00edggju \u00ed Leirv\u00edkar s\u00f8gu 1874-1883<\/em>.<br \/>\nForlagi\u00f0 S\u00f8ga F\u00f8roya\/<br \/>\nHistory Press Faroe Islands 2011<\/p>\n<p>\u2022 <a href=\"http:\/\/historypressfaroeislands.com\/dansk\/forlagets-udgivelser\/eitt-feigdartiggjuar-i-leirvikar-sogu\/\" target=\"_self\">L\u00e6s mere her<\/a><\/p>\n<p><span style=\"color: #ffffff;\">\u2022 <\/span><br \/>\nBogen\u00a0analyserer de\u00a0fem tragiske\u00a0ulykker, der ramte bygden Leirv\u00edk i \u00e5rtiet 1874-1883, ligesom den beskriver\u00a0de fysiske og samfundsm\u00e6ssige rammer, hvorunder de fandt sted.<\/p>\n","protected":false},"excerpt":{"rendered":"<p>Ny sp\u00e6ndende bog om Leirv\u00edk Steffen Stummann Hansen: Eitt feigdar\u00e1rat\u00edggju \u00ed Leirv\u00edkar s\u00f8gu 1874-1883. Forlagi\u00f0 S\u00f8ga F\u00f8roya\/ History Press Faroe Islands 2011 \u2022 L\u00e6s mere her \u2022 Bogen\u00a0analyserer de\u00a0fem tragiske\u00a0ulykker, der ramte bygden Leirv\u00edk i \u00e5rtiet 1874-1883, ligesom den beskriver\u00a0de &hellip; <a href=\"https:\/\/historypressfaroeislands.com\/dansk\/eitt-feigdartiggjuar-i-leirvikar-sogu-1874-1883\/\">Continue reading <span class=\"meta-nav\">&rarr;<\/span><\/a><\/p>\n","protected":false},"author":4,"featured_media":0,"comment_status":"closed","ping_status":"closed","sticky":false,"template":"","format":"standard","meta":{"footnotes":""},"categories":[1],"tags":[],"class_list":["post-159","post","type-post","status-publish","format-standard","hentry","category-uncategorized"],"_links":{"self":[{"href":"https:\/\/historypressfaroeislands.com\/dansk\/wp-json\/wp\/v2\/posts\/159","targetHints":{"allow":["GET"]}}],"collection":[{"href":"https:\/\/historypressfaroeislands.com\/dansk\/wp-json\/wp\/v2\/posts"}],"about":[{"href":"https:\/\/historypressfaroeislands.com\/dansk\/wp-json\/wp\/v2\/types\/post"}],"author":[{"embeddable":true,"href":"https:\/\/historypressfaroeislands.com\/dansk\/wp-json\/wp\/v2\/users\/4"}],"replies":[{"embeddable":true,"href":"https:\/\/historypressfaroeislands.com\/dansk\/wp-json\/wp\/v2\/comments?post=159"}],"version-history":[{"count":0,"href":"https:\/\/historypressfaroeislands.com\/dansk\/wp-json\/wp\/v2\/posts\/159\/revisions"}],"wp:attachment":[{"href":"https:\/\/historypressfaroeislands.com\/dansk\/wp-json\/wp\/v2\/media?parent=159"}],"wp:term":[{"taxonomy":"category","embeddable":true,"href":"https:\/\/historypressfaroeislands.com\/dansk\/wp-json\/wp\/v2\/categories?post=159"},{"taxonomy":"post_tag","embeddable":true,"href":"https:\/\/historypressfaroeislands.com\/dansk\/wp-json\/wp\/v2\/tags?post=159"}],"curies":[{"name":"wp","href":"https:\/\/api.w.org\/{rel}","templated":true}]}}