{"id":1189,"date":"2020-04-16T04:15:37","date_gmt":"2020-04-16T04:15:37","guid":{"rendered":"http:\/\/historypressfaroeislands.com\/dansk\/?p=1189"},"modified":"2020-11-03T17:42:26","modified_gmt":"2020-11-03T17:42:26","slug":"copy-faeroerne-1911-set-af-den-danske-fotograf-anders-peter-hansen","status":"publish","type":"post","link":"https:\/\/historypressfaroeislands.com\/dansk\/copy-faeroerne-1911-set-af-den-danske-fotograf-anders-peter-hansen\/","title":{"rendered":"F\u00e6r\u00f8erne 1911 &#8211; set af den danske fotograf Anders Peter Hansen"},"content":{"rendered":"<p><a href=\"http:\/\/historypressfaroeislands.com\/dansk\/forlagets-udgivelser\/copy-faeroerne-1911-set-af-den-danske-fotograf-anders-peter-hansen\/\"><img loading=\"lazy\" decoding=\"async\" class=\"alignleft wp-image-1205\" src=\"http:\/\/historypressfaroeislands.com\/dansk\/wp-content\/uploads\/2020\/04\/faeroerne1911_aphansen_sep_2020_320-300x216.jpg\" alt=\"\" width=\"320\" height=\"230\" srcset=\"https:\/\/historypressfaroeislands.com\/dansk\/wp-content\/uploads\/2020\/04\/faeroerne1911_aphansen_sep_2020_320-300x216.jpg 300w, https:\/\/historypressfaroeislands.com\/dansk\/wp-content\/uploads\/2020\/04\/faeroerne1911_aphansen_sep_2020_320.jpg 320w\" sizes=\"auto, (max-width: 320px) 100vw, 320px\" \/><\/a><strong>Ny udvidet udgave af bogen om den danske fotograf A. P. Hansen og hans enest\u00e5ende fotografier fra F\u00e6r\u00f8erne 1911.<\/strong><\/p>\n<p>Steffen Stummann Hansen:<br \/>\n<em>F\u00e6r\u00f8erne 1911 &#8211; set af den danske fotograf Anders Peter Hansen<\/em>.<br \/>\n2. reviderede og udvidede udgave<br \/>\nForlagi\u00f0 S\u00f8ga F\u00f8roya\/<br \/>\nHistory Press Faroe Islands 2020.<\/p>\n<p>\u2022 <a href=\"http:\/\/historypressfaroeislands.com\/dansk\/forlagets-udgivelser\/copy-faeroerne-1911-set-af-den-danske-fotograf-anders-peter-hansen\/\" target=\"_self\" rel=\"noopener noreferrer\">L\u00e6s mere her<\/a><\/p>\n<p><span style=\"color: #ffffff;\">\u2022 <\/span><br \/>\nDet er godt syv \u00e5r siden, at denne bog udsendtes for f\u00f8rste gang, og det har v\u00e6ret en stor gl\u00e6de at se den overv\u00e6ldende interesse, som den blev m\u00f8dt med. Interessen har vist sig ikke alene p\u00e5 F\u00e6r\u00f8erne, men ogs\u00e5 i Danmark. Den kommer dels fra folk bosiddende p\u00e5 F\u00e6r\u00f8erne og dels fra personer, som har rejst p\u00e5 og er blevet fascineret af F\u00e6r\u00f8erne, og ikke mindst de mange i Danmark, der har r\u00f8dder og sl\u00e6gt p\u00e5 F\u00e6r\u00f8erne.<\/p>\n<p>For at im\u00f8dekomme den l\u00f8bende eftersp\u00f8rgsel p\u00e5 bogen foreligger derfor nu en ny, revideret og udvidet, udgave af bogen. Billedm\u00e6ssigt er denne udgave for\u00f8get med nitten illustrationer udover dem, der er indeholdt i 1. udgaven. Tekstm\u00e6ssigt er enkelte faktuelle og typografiske fejl i 1. udgaven blevet korrigeret, mens ny viden ang\u00e5ende den anden fotograf fra Aarhus-egnen, S\u00f8ren Samuel Petersen, der var p\u00e5 F\u00e6r\u00f8erne samtidig med\u00a0 \u00a0 \u00a0 A. P. Hansen, er blevet tilf\u00f8jet.<\/p>\n<p>Med denne nye udgave af bogen er det h\u00e5bet, at mange vil finde interesse i og gl\u00e6de af \u2013 gennem tekst og ikke mindst billeder \u2013 at f\u00e5 et enest\u00e5ende visuelt indblik i det f\u00e6r\u00f8ske bygdesamfund for hundrede \u00e5r siden.<\/p>\n","protected":false},"excerpt":{"rendered":"<p>Ny udvidet udgave af bogen om den danske fotograf A. P. Hansen og hans enest\u00e5ende fotografier fra F\u00e6r\u00f8erne 1911. Steffen Stummann Hansen: F\u00e6r\u00f8erne 1911 &#8211; set af den danske fotograf Anders Peter Hansen. 2. reviderede og udvidede udgave Forlagi\u00f0 S\u00f8ga &hellip; <a href=\"https:\/\/historypressfaroeislands.com\/dansk\/copy-faeroerne-1911-set-af-den-danske-fotograf-anders-peter-hansen\/\">Continue reading <span class=\"meta-nav\">&rarr;<\/span><\/a><\/p>\n","protected":false},"author":4,"featured_media":0,"comment_status":"closed","ping_status":"closed","sticky":false,"template":"","format":"standard","meta":{"footnotes":""},"categories":[1],"tags":[],"class_list":["post-1189","post","type-post","status-publish","format-standard","hentry","category-uncategorized"],"_links":{"self":[{"href":"https:\/\/historypressfaroeislands.com\/dansk\/wp-json\/wp\/v2\/posts\/1189","targetHints":{"allow":["GET"]}}],"collection":[{"href":"https:\/\/historypressfaroeislands.com\/dansk\/wp-json\/wp\/v2\/posts"}],"about":[{"href":"https:\/\/historypressfaroeislands.com\/dansk\/wp-json\/wp\/v2\/types\/post"}],"author":[{"embeddable":true,"href":"https:\/\/historypressfaroeislands.com\/dansk\/wp-json\/wp\/v2\/users\/4"}],"replies":[{"embeddable":true,"href":"https:\/\/historypressfaroeislands.com\/dansk\/wp-json\/wp\/v2\/comments?post=1189"}],"version-history":[{"count":16,"href":"https:\/\/historypressfaroeislands.com\/dansk\/wp-json\/wp\/v2\/posts\/1189\/revisions"}],"predecessor-version":[{"id":1218,"href":"https:\/\/historypressfaroeislands.com\/dansk\/wp-json\/wp\/v2\/posts\/1189\/revisions\/1218"}],"wp:attachment":[{"href":"https:\/\/historypressfaroeislands.com\/dansk\/wp-json\/wp\/v2\/media?parent=1189"}],"wp:term":[{"taxonomy":"category","embeddable":true,"href":"https:\/\/historypressfaroeislands.com\/dansk\/wp-json\/wp\/v2\/categories?post=1189"},{"taxonomy":"post_tag","embeddable":true,"href":"https:\/\/historypressfaroeislands.com\/dansk\/wp-json\/wp\/v2\/tags?post=1189"}],"curies":[{"name":"wp","href":"https:\/\/api.w.org\/{rel}","templated":true}]}}