{"id":1095,"date":"2013-12-08T17:55:41","date_gmt":"2013-12-08T17:55:41","guid":{"rendered":"http:\/\/historypressfaroeislands.com\/dansk\/?p=1095"},"modified":"2013-12-08T17:55:41","modified_gmt":"2013-12-08T17:55:41","slug":"faeroerne-1911-set-af-den-danske-fotograf-anders-peter-hansen","status":"publish","type":"post","link":"https:\/\/historypressfaroeislands.com\/dansk\/faeroerne-1911-set-af-den-danske-fotograf-anders-peter-hansen\/","title":{"rendered":"F\u00e6r\u00f8erne 1911 &#8211; set af den danske fotograf Anders Peter Hansen"},"content":{"rendered":"<p><a href=\"http:\/\/historypressfaroeislands.com\/dansk\/forlagets-udgivelser\/faeroerne1911\/\" target=\"_self\"><img decoding=\"async\" class=\"size-medium wp-image-268 alignleft\" title=\"Eitt feigdart\u00edggju\u00e1r \u00ed Leirv\u00edkar S\u00f8gu 1874-1883\" alt=\"Eitt feigdart\u00edggju\u00e1r \u00ed Leirv\u00edkar S\u00f8gu 1874-1883\" src=\"http:\/\/historypressfaroeislands.com\/images\/newbook1.jpg\" \/><\/a><strong>Ny bog om den danske fotograf A. P. Hansen og hans enest\u00e5ende fotografier fra F\u00e6r\u00f8erne 1911.<\/strong><\/p>\n<p>Steffen Stummann Hansen:<br \/>\n<em>F\u00e6r\u00f8erne 1911 &#8211; set af den danske fotograf Anders Peter Hansen<\/em>.<br \/>\nForlagi\u00f0 S\u00f8ga F\u00f8roya\/<br \/>\nHistory Press Faroe Islands 2013.<\/p>\n<p>\u2022 <a href=\"http:\/\/historypressfaroeislands.com\/dansk\/forlagets-udgivelser\/faeroerne1911\/\" target=\"_self\">L\u00e6s mere her<\/a><\/p>\n<p><span style=\"color: #ffffff;\">\u2022 <\/span><br \/>\nFor ca. seksogtredive \u00e5r siden fik fotograf Per \u00e1 H\u00e6dd i T\u00f3rshavn af en kollega overdraget ca. 140 gamle glasplader med motiver fra F\u00e6r\u00f8erne. Billederne var taget af den danske fotograf Anders Peter Hansen (1870-1948), der bes\u00f8gte F\u00e6r\u00f8erne i sommeren 1911 og rejste rundt p\u00e5 Nor\u00f0streymoy, Eysturoy og Nor\u00f0oyar. I de senere \u00e5r er det lykkedes at identificere yderligere billeder, som kan tilskrives ham.<\/p>\n<p>Bogen pr\u00e6senterer halvandet hundrede af A. P. Hansens billeder, der giver et enest\u00e5ende visuelt indblik i det f\u00e6r\u00f8ske bygdesamfund for hundrede \u00e5r siden.<\/p>\n","protected":false},"excerpt":{"rendered":"<p>Ny bog om den danske fotograf A. P. Hansen og hans enest\u00e5ende fotografier fra F\u00e6r\u00f8erne 1911. Steffen Stummann Hansen: F\u00e6r\u00f8erne 1911 &#8211; set af den danske fotograf Anders Peter Hansen. Forlagi\u00f0 S\u00f8ga F\u00f8roya\/ History Press Faroe Islands 2013. \u2022 L\u00e6s &hellip; <a href=\"https:\/\/historypressfaroeislands.com\/dansk\/faeroerne-1911-set-af-den-danske-fotograf-anders-peter-hansen\/\">Continue reading <span class=\"meta-nav\">&rarr;<\/span><\/a><\/p>\n","protected":false},"author":4,"featured_media":0,"comment_status":"closed","ping_status":"closed","sticky":false,"template":"","format":"standard","meta":{"footnotes":""},"categories":[1],"tags":[],"class_list":["post-1095","post","type-post","status-publish","format-standard","hentry","category-uncategorized"],"_links":{"self":[{"href":"https:\/\/historypressfaroeislands.com\/dansk\/wp-json\/wp\/v2\/posts\/1095","targetHints":{"allow":["GET"]}}],"collection":[{"href":"https:\/\/historypressfaroeislands.com\/dansk\/wp-json\/wp\/v2\/posts"}],"about":[{"href":"https:\/\/historypressfaroeislands.com\/dansk\/wp-json\/wp\/v2\/types\/post"}],"author":[{"embeddable":true,"href":"https:\/\/historypressfaroeislands.com\/dansk\/wp-json\/wp\/v2\/users\/4"}],"replies":[{"embeddable":true,"href":"https:\/\/historypressfaroeislands.com\/dansk\/wp-json\/wp\/v2\/comments?post=1095"}],"version-history":[{"count":0,"href":"https:\/\/historypressfaroeislands.com\/dansk\/wp-json\/wp\/v2\/posts\/1095\/revisions"}],"wp:attachment":[{"href":"https:\/\/historypressfaroeislands.com\/dansk\/wp-json\/wp\/v2\/media?parent=1095"}],"wp:term":[{"taxonomy":"category","embeddable":true,"href":"https:\/\/historypressfaroeislands.com\/dansk\/wp-json\/wp\/v2\/categories?post=1095"},{"taxonomy":"post_tag","embeddable":true,"href":"https:\/\/historypressfaroeislands.com\/dansk\/wp-json\/wp\/v2\/tags?post=1095"}],"curies":[{"name":"wp","href":"https:\/\/api.w.org\/{rel}","templated":true}]}}